{"id":667,"date":"2018-09-21T16:15:59","date_gmt":"2018-09-21T14:15:59","guid":{"rendered":"https:\/\/www.taste-bordeauxtour.fr\/taste-dans-le-elle\/"},"modified":"2018-09-21T16:24:35","modified_gmt":"2018-09-21T14:24:35","slug":"taste-dans-le-elle","status":"publish","type":"post","link":"https:\/\/www.taste-bordeauxtour.fr\/en\/taste-dans-le-elle\/","title":{"rendered":"Taste dans le ELLE !"},"content":{"rendered":"<p>Article :<\/p>\n<p>Autour de Bordeaux<\/p>\n<p>Envie d&#8217;une escapade hors des sentiers battus, le temps d&#8217;une journ\u00e9e, d&#8217;un week-end ou plus dans les vignobles, \u00e0 Bordeaux ou sur le bassin d&#8217;Arcachon ? La bordelaise Alice Ballu a cr\u00e9e Taste pour r\u00e9pondre aux d\u00e9sirs de tourisme personnalis\u00e9 et s&#8217;occupe de tout (reservation de visites et restos, chauffeur, guide&#8230;)<\/p>\n","protected":false},"excerpt":{"rendered":"<p>Article : Autour de Bordeaux Envie d&#8217;une escapade hors des sentiers battus, le temps d&#8217;une journ\u00e9e, d&#8217;un week-end ou plus dans les vignobles, \u00e0 Bordeaux ou sur le bassin d&#8217;Arcachon ? La bordelaise Alice Ballu a cr\u00e9e Taste pour r\u00e9pondre aux d\u00e9sirs de tourisme personnalis\u00e9 et s&#8217;occupe de tout (reservation de visites et restos, chauffeur,&#8230;<\/p>\n","protected":false},"author":1,"featured_media":664,"comment_status":"closed","ping_status":"closed","sticky":false,"template":"","format":"standard","meta":[],"categories":[28],"tags":[109],"yoast_head":"<!-- This site is optimized with the Yoast SEO plugin v16.4 - https:\/\/yoast.com\/wordpress\/plugins\/seo\/ -->\n<meta name=\"robots\" content=\"index, follow, max-snippet:-1, max-image-preview:large, max-video-preview:-1\" \/>\n<link rel=\"canonical\" href=\"https:\/\/www.taste-bordeauxtour.fr\/en\/taste-dans-le-elle\/\" \/>\n<meta property=\"og:locale\" content=\"en_US\" \/>\n<meta property=\"og:type\" content=\"article\" \/>\n<meta property=\"og:title\" content=\"Taste dans le ELLE ! - Taste Bordeaux Wine and Sea Tour\" \/>\n<meta property=\"og:description\" content=\"Article : Autour de Bordeaux Envie d&#8217;une escapade hors des sentiers battus, le temps d&#8217;une journ\u00e9e, d&#8217;un week-end ou plus dans les vignobles, \u00e0 Bordeaux ou sur le bassin d&#8217;Arcachon ? La bordelaise Alice Ballu a cr\u00e9e Taste pour r\u00e9pondre aux d\u00e9sirs de tourisme personnalis\u00e9 et s&#8217;occupe de tout (reservation de visites et restos, chauffeur,...\" \/>\n<meta property=\"og:url\" content=\"https:\/\/www.taste-bordeauxtour.fr\/en\/taste-dans-le-elle\/\" \/>\n<meta property=\"og:site_name\" content=\"Taste Bordeaux Wine and Sea Tour\" \/>\n<meta property=\"article:publisher\" content=\"https:\/\/www.facebook.com\/tastebordeauxtour\/\" \/>\n<meta property=\"article:published_time\" content=\"2018-09-21T14:15:59+00:00\" \/>\n<meta property=\"article:modified_time\" content=\"2018-09-21T14:24:35+00:00\" \/>\n<meta property=\"og:image\" content=\"https:\/\/www.taste-bordeauxtour.fr\/wp-content\/uploads\/2018\/09\/IMG_5838.jpg\" \/>\n\t<meta property=\"og:image:width\" content=\"2048\" \/>\n\t<meta property=\"og:image:height\" content=\"2048\" \/>\n<meta name=\"twitter:card\" content=\"summary_large_image\" \/>\n<script type=\"application\/ld+json\" class=\"yoast-schema-graph\">{\"@context\":\"https:\/\/schema.org\",\"@graph\":[{\"@type\":\"WebSite\",\"@id\":\"https:\/\/www.taste-bordeauxtour.fr\/#website\",\"url\":\"https:\/\/www.taste-bordeauxtour.fr\/\",\"name\":\"Taste Bordeaux Wine and Sea Tour\",\"description\":\"Bordeaux, Wine tours, Bassin d&#039;Arcachon, S\\u00e9jour sur-mesure\",\"potentialAction\":[{\"@type\":\"SearchAction\",\"target\":\"https:\/\/www.taste-bordeauxtour.fr\/?s={search_term_string}\",\"query-input\":\"required name=search_term_string\"}],\"inLanguage\":\"en-US\"},{\"@type\":\"ImageObject\",\"@id\":\"https:\/\/www.taste-bordeauxtour.fr\/en\/taste-dans-le-elle\/#primaryimage\",\"inLanguage\":\"en-US\",\"url\":\"https:\/\/www.taste-bordeauxtour.fr\/wp-content\/uploads\/2018\/09\/IMG_5838.jpg\",\"contentUrl\":\"https:\/\/www.taste-bordeauxtour.fr\/wp-content\/uploads\/2018\/09\/IMG_5838.jpg\",\"width\":2048,\"height\":2048},{\"@type\":\"WebPage\",\"@id\":\"https:\/\/www.taste-bordeauxtour.fr\/en\/taste-dans-le-elle\/#webpage\",\"url\":\"https:\/\/www.taste-bordeauxtour.fr\/en\/taste-dans-le-elle\/\",\"name\":\"Taste dans le ELLE ! - Taste Bordeaux Wine and Sea Tour\",\"isPartOf\":{\"@id\":\"https:\/\/www.taste-bordeauxtour.fr\/#website\"},\"primaryImageOfPage\":{\"@id\":\"https:\/\/www.taste-bordeauxtour.fr\/en\/taste-dans-le-elle\/#primaryimage\"},\"datePublished\":\"2018-09-21T14:15:59+00:00\",\"dateModified\":\"2018-09-21T14:24:35+00:00\",\"author\":{\"@id\":\"https:\/\/www.taste-bordeauxtour.fr\/#\/schema\/person\/fd4d472ddc316409417be1d17e74dcf6\"},\"breadcrumb\":{\"@id\":\"https:\/\/www.taste-bordeauxtour.fr\/en\/taste-dans-le-elle\/#breadcrumb\"},\"inLanguage\":\"en-US\",\"potentialAction\":[{\"@type\":\"ReadAction\",\"target\":[\"https:\/\/www.taste-bordeauxtour.fr\/en\/taste-dans-le-elle\/\"]}]},{\"@type\":\"BreadcrumbList\",\"@id\":\"https:\/\/www.taste-bordeauxtour.fr\/en\/taste-dans-le-elle\/#breadcrumb\",\"itemListElement\":[{\"@type\":\"ListItem\",\"position\":1,\"item\":{\"@type\":\"WebPage\",\"@id\":\"https:\/\/www.taste-bordeauxtour.fr\/en\/\",\"url\":\"https:\/\/www.taste-bordeauxtour.fr\/en\/\",\"name\":\"Accueil\"}},{\"@type\":\"ListItem\",\"position\":2,\"item\":{\"@id\":\"https:\/\/www.taste-bordeauxtour.fr\/en\/taste-dans-le-elle\/#webpage\"}}]},{\"@type\":\"Person\",\"@id\":\"https:\/\/www.taste-bordeauxtour.fr\/#\/schema\/person\/fd4d472ddc316409417be1d17e74dcf6\",\"name\":\"alice\",\"url\":\"https:\/\/www.taste-bordeauxtour.fr\/en\/author\/alice\/\"}]}<\/script>\n<!-- \/ Yoast SEO plugin. -->","_links":{"self":[{"href":"https:\/\/www.taste-bordeauxtour.fr\/en\/wp-json\/wp\/v2\/posts\/667"}],"collection":[{"href":"https:\/\/www.taste-bordeauxtour.fr\/en\/wp-json\/wp\/v2\/posts"}],"about":[{"href":"https:\/\/www.taste-bordeauxtour.fr\/en\/wp-json\/wp\/v2\/types\/post"}],"author":[{"embeddable":true,"href":"https:\/\/www.taste-bordeauxtour.fr\/en\/wp-json\/wp\/v2\/users\/1"}],"replies":[{"embeddable":true,"href":"https:\/\/www.taste-bordeauxtour.fr\/en\/wp-json\/wp\/v2\/comments?post=667"}],"version-history":[{"count":1,"href":"https:\/\/www.taste-bordeauxtour.fr\/en\/wp-json\/wp\/v2\/posts\/667\/revisions"}],"predecessor-version":[{"id":683,"href":"https:\/\/www.taste-bordeauxtour.fr\/en\/wp-json\/wp\/v2\/posts\/667\/revisions\/683"}],"wp:featuredmedia":[{"embeddable":true,"href":"https:\/\/www.taste-bordeauxtour.fr\/en\/wp-json\/wp\/v2\/media\/664"}],"wp:attachment":[{"href":"https:\/\/www.taste-bordeauxtour.fr\/en\/wp-json\/wp\/v2\/media?parent=667"}],"wp:term":[{"taxonomy":"category","embeddable":true,"href":"https:\/\/www.taste-bordeauxtour.fr\/en\/wp-json\/wp\/v2\/categories?post=667"},{"taxonomy":"post_tag","embeddable":true,"href":"https:\/\/www.taste-bordeauxtour.fr\/en\/wp-json\/wp\/v2\/tags?post=667"}],"curies":[{"name":"wp","href":"https:\/\/api.w.org\/{rel}","templated":true}]}}